{"id":102142,"date":"2025-03-22T12:33:21","date_gmt":"2025-03-22T12:33:21","guid":{"rendered":"https:\/\/www.federacao-triatlo.pt\/ftp2015\/?p=102142"},"modified":"2025-04-17T18:23:09","modified_gmt":"2025-04-17T17:23:09","slug":"portugal-em-grande-na-gala-do-triatlo-europeu","status":"publish","type":"post","link":"https:\/\/www.federacao-triatlo.pt\/ftp2015\/portugal-em-grande-na-gala-do-triatlo-europeu\/","title":{"rendered":"Portugal em grande na gala do triatlo Europeu"},"content":{"rendered":"<p>A Federa\u00e7\u00e3o de Triatlo de Portugal (FTP) foi distinguida, na Gala do Triatlo Europeu que decorreu em Istambul, como a melhor federa\u00e7\u00e3o do ano de 2024. Portugal juntou ainda, com o Multisport de Coimbra, o pr\u00e9mio de melhor prova europeia.<\/p>\n<p><em>&#8220;Estas distin\u00e7\u00f5es refletem o trabalho que vem sendo feito por toda a fam\u00edlia do triatlo portugu\u00eas. Neste momento de festa, \u00e9 importante real\u00e7ar o esfor\u00e7o incans\u00e1vel\u00a0 da equipa da federa\u00e7\u00e3o, assim como da dire\u00e7\u00e3o anterior. Esta \u00e9 uma vit\u00f3ria de todos aqueles que gostam de triatlo e que contribuem para o seu crescimento, desde os atletas aos organizadores, sem esquecer muitas autarquias. Os n\u00fameros deste in\u00edcio de \u00e9poca s\u00e3o exemplo desse dinamismo, uma vez que continuamos a crescer ao n\u00edvel do n\u00famero de licenciados e inscritos em provas&#8221;<\/em>, explica Fernando Feij\u00e3o, Presidente da FTP.<\/p>\n<p>A Federa\u00e7\u00e3o Europeia de Triatlo (ETU), considerou que a FTP atingiu um &#8220;<em>padr\u00e3o de excel\u00eancia, combinando o sucesso das sele\u00e7\u00f5es nacionais, com excelente organiza\u00e7\u00e3o de eventos e mobiliza\u00e7\u00e3o da comunidade&#8221;.<\/em> Foi essa a justifica\u00e7\u00e3o para a atribui\u00e7\u00e3o do pr\u00e9mio de Federa\u00e7\u00e3o do Ano.<\/p>\n<p>Em rela\u00e7\u00e3o \u00e0 melhor prova de 2004, a ETU sublinha que o Multisport de Coimbra <em>&#8220;apresentou o melhor que se faz ao n\u00edvel das corridas multidesportivas na Europa, oferecendo uma experi\u00eancia de classe mundial para atletas e f\u00e3s&#8221;.\u00a0<\/em><\/p>\n<p>&nbsp;<\/p>\n<p>&nbsp;<\/p>\n<pre id=\"tw-target-text\" class=\"tw-data-text tw-text-large tw-ta\" dir=\"ltr\" data-placeholder=\"Tradu\u00e7\u00e3o\" data-ved=\"2ahUKEwjbqMGGxp2MAxWuUaQEHY2ZIXEQ3ewLegQICBAV\" aria-label=\"Texto traduzido: \u00c0 medida que a temporada de triatlo chega ao fim, a Europe Triathlon tem o orgulho de anunciar os vencedores do Europe Triathlon Awards. Esses pr\u00eamios reconhecem os indiv\u00edduos, federa\u00e7\u00f5es e eventos excepcionais que deixaram uma marca no esporte por meio de dedica\u00e7\u00e3o, excel\u00eancia e impacto. .Federa\u00e7\u00e3o Nacional do Ano: Portugal Portugal estabeleceu o padr\u00e3o de excel\u00eancia, combinando forte desempenho nacional com excelente organiza\u00e7\u00e3o de eventos e engajamento da comunidade. Evento do Ano: Campeonato Europeu de Triatlo Multiesportivo de Coimbra Este evento apresentou o melhor das corridas multiesportivas europeias, oferecendo uma experi\u00eancia de classe mundial para atletas e f\u00e3s.\"><\/pre>\n","protected":false},"excerpt":{"rendered":"<p>A Federa\u00e7\u00e3o de Triatlo de Portugal (FTP) foi distinguida, na [&hellip;]<\/p>\n","protected":false},"author":16153,"featured_media":102144,"comment_status":"closed","ping_status":"closed","sticky":false,"template":"","format":"standard","meta":{"footnotes":""},"categories":[2],"tags":[],"_links":{"self":[{"href":"https:\/\/www.federacao-triatlo.pt\/ftp2015\/wp-json\/wp\/v2\/posts\/102142"}],"collection":[{"href":"https:\/\/www.federacao-triatlo.pt\/ftp2015\/wp-json\/wp\/v2\/posts"}],"about":[{"href":"https:\/\/www.federacao-triatlo.pt\/ftp2015\/wp-json\/wp\/v2\/types\/post"}],"author":[{"embeddable":true,"href":"https:\/\/www.federacao-triatlo.pt\/ftp2015\/wp-json\/wp\/v2\/users\/16153"}],"replies":[{"embeddable":true,"href":"https:\/\/www.federacao-triatlo.pt\/ftp2015\/wp-json\/wp\/v2\/comments?post=102142"}],"version-history":[{"count":4,"href":"https:\/\/www.federacao-triatlo.pt\/ftp2015\/wp-json\/wp\/v2\/posts\/102142\/revisions"}],"predecessor-version":[{"id":102147,"href":"https:\/\/www.federacao-triatlo.pt\/ftp2015\/wp-json\/wp\/v2\/posts\/102142\/revisions\/102147"}],"wp:featuredmedia":[{"embeddable":true,"href":"https:\/\/www.federacao-triatlo.pt\/ftp2015\/wp-json\/wp\/v2\/media\/102144"}],"wp:attachment":[{"href":"https:\/\/www.federacao-triatlo.pt\/ftp2015\/wp-json\/wp\/v2\/media?parent=102142"}],"wp:term":[{"taxonomy":"category","embeddable":true,"href":"https:\/\/www.federacao-triatlo.pt\/ftp2015\/wp-json\/wp\/v2\/categories?post=102142"},{"taxonomy":"post_tag","embeddable":true,"href":"https:\/\/www.federacao-triatlo.pt\/ftp2015\/wp-json\/wp\/v2\/tags?post=102142"}],"curies":[{"name":"wp","href":"https:\/\/api.w.org\/{rel}","templated":true}]}}