{"id":102132,"date":"2025-03-20T15:17:17","date_gmt":"2025-03-20T15:17:17","guid":{"rendered":"https:\/\/www.federacao-triatlo.pt\/ftp2015\/?p=102132"},"modified":"2025-04-15T14:55:40","modified_gmt":"2025-04-15T13:55:40","slug":"mais-de-750-triatletas-na-festa-de-quarteira","status":"publish","type":"post","link":"https:\/\/www.federacao-triatlo.pt\/ftp2015\/mais-de-750-triatletas-na-festa-de-quarteira\/","title":{"rendered":"Mais de 750 triatletas na festa de Quarteira"},"content":{"rendered":"<p>Est\u00e1 a chegar a grande festa do triatlo. Quarteira vai receber, entre 29 e 3o de mar\u00e7o, mais de 750 atletas, divididos por duas Ta\u00e7as da Europa (elites e juniores) e uma Ta\u00e7a de Portugal<\/p>\n<p>S\u00e3o 38 os convocados para a sele\u00e7\u00e3o portuguesa de triatlo que participar\u00e1 nas Ta\u00e7as da Europa de Elites e Juniores, em Quarteira, nos pr\u00f3ximos dias 29 e 30 de mar\u00e7o. Em prova estar\u00e3o cerca de 250 triatletas, entre mulheres e homens, em representa\u00e7\u00e3o de mais de 30 pa\u00edses, aos quais se juntam os 500 j\u00e1 inscritos na Ta\u00e7a de Portugal.<\/p>\n<p><em>\u201c\u00c9 para Quarteira uma real satisfa\u00e7\u00e3o voltar a acolher esta prova que se destaca no calend\u00e1rio de eventos, n\u00e3o s\u00f3 da modalidade, mas tamb\u00e9m desta cidade e que desempenha um papel importante para a economia local, nomeadamente para a hotelaria, para o com\u00e9rcio e para a restaura\u00e7\u00e3o. Expresso, mais uma vez, os meus agradecimentos \u00e0 Federa\u00e7\u00e3o Portuguesa de Triatlo, ao comit\u00e9 de organiza\u00e7\u00e3o local e \u00e0 Federa\u00e7\u00e3o Europeia pela oportunidade de acolhermos anualmente esta competi\u00e7\u00e3o internacional que muito orgulha Quarteira e todo o concelho de Loul\u00e9\u201d<\/em>, sublinha o presidente V\u00edtor Aleixo.<\/p>\n<p>A prova de elites femininas disputa-se s\u00e1bado, dia 29 de mar\u00e7o, pelas 13h45, e conta com a presen\u00e7a de Melanie Santos e Maria Tom\u00e9, as duas triatletas ol\u00edmpicas que representaram Portugal em Paris 2024. No sector masculino, a sele\u00e7\u00e3o portuguesa contar\u00e1 com a presen\u00e7a de oito triatletas, entre eles Ricardo Batista, atleta ol\u00edmpico que alcan\u00e7ou o 6\u00ba lugar em Paris. A prova ter\u00e1 in\u00edcio \u00e0s 16h30 em frente ao Hotel Dom Jos\u00e9, em Quarteira.<\/p>\n<p>Durante a cerim\u00f3nia de entrega de pr\u00e9mios, pelas 18h30, a Federa\u00e7\u00e3o de Triatlo de Portugal aproveitar\u00e1 a ocasi\u00e3o para distinguir os 4 triatletas presentes nos Jogos Ol\u00edmpicos de Paris 2024, assim como homenagear os atletas Jo\u00e3o Pereira e Jo\u00e3o Silva pelo contributo dado ao triatlo portugu\u00eas, e ao olimpismo, ao longo das suas carreiras.<\/p>\n<p><em>\u201cQuarteira ter\u00e1 sempre um lugar especial na hist\u00f3ria do triatlo portugu\u00eas. Foi por isso que decidimos que faria todo o sentido aproveitar o fim-de-semana para homenagear o percurso ol\u00edmpico de triatletas que se constituem como s\u00edmbolos da modalidade, assim como agradecer \u00e0 nova gera\u00e7\u00e3o o contributo exemplar que deu nos Jogos Ol\u00edmpicos de Paris. Ser\u00e1, com toda a certeza, mais uma excelente jornada de promo\u00e7\u00e3o do desporto, do triatlo e da forma de bem receber das gentes do concelho de Loul\u00e9\u201d,<\/em> sublinha o presidente da Federa\u00e7\u00e3o de Triatlo de Portugal, Fernando Feij\u00e3o.<\/p>\n<p>No domingo, 30 de mar\u00e7o, disputa-se a Ta\u00e7a da Europa J\u00fanior, assim como a Ta\u00e7a de Portugal, que contar\u00e1 com a presen\u00e7a de mais de 500 triatletas.<\/p>\n","protected":false},"excerpt":{"rendered":"<p>Est\u00e1 a chegar a grande festa do triatlo. Quarteira vai [&hellip;]<\/p>\n","protected":false},"author":16153,"featured_media":102136,"comment_status":"closed","ping_status":"closed","sticky":false,"template":"","format":"standard","meta":{"footnotes":""},"categories":[2],"tags":[],"_links":{"self":[{"href":"https:\/\/www.federacao-triatlo.pt\/ftp2015\/wp-json\/wp\/v2\/posts\/102132"}],"collection":[{"href":"https:\/\/www.federacao-triatlo.pt\/ftp2015\/wp-json\/wp\/v2\/posts"}],"about":[{"href":"https:\/\/www.federacao-triatlo.pt\/ftp2015\/wp-json\/wp\/v2\/types\/post"}],"author":[{"embeddable":true,"href":"https:\/\/www.federacao-triatlo.pt\/ftp2015\/wp-json\/wp\/v2\/users\/16153"}],"replies":[{"embeddable":true,"href":"https:\/\/www.federacao-triatlo.pt\/ftp2015\/wp-json\/wp\/v2\/comments?post=102132"}],"version-history":[{"count":1,"href":"https:\/\/www.federacao-triatlo.pt\/ftp2015\/wp-json\/wp\/v2\/posts\/102132\/revisions"}],"predecessor-version":[{"id":102137,"href":"https:\/\/www.federacao-triatlo.pt\/ftp2015\/wp-json\/wp\/v2\/posts\/102132\/revisions\/102137"}],"wp:featuredmedia":[{"embeddable":true,"href":"https:\/\/www.federacao-triatlo.pt\/ftp2015\/wp-json\/wp\/v2\/media\/102136"}],"wp:attachment":[{"href":"https:\/\/www.federacao-triatlo.pt\/ftp2015\/wp-json\/wp\/v2\/media?parent=102132"}],"wp:term":[{"taxonomy":"category","embeddable":true,"href":"https:\/\/www.federacao-triatlo.pt\/ftp2015\/wp-json\/wp\/v2\/categories?post=102132"},{"taxonomy":"post_tag","embeddable":true,"href":"https:\/\/www.federacao-triatlo.pt\/ftp2015\/wp-json\/wp\/v2\/tags?post=102132"}],"curies":[{"name":"wp","href":"https:\/\/api.w.org\/{rel}","templated":true}]}}