{"id":102101,"date":"2025-03-19T12:10:00","date_gmt":"2025-03-19T12:10:00","guid":{"rendered":"https:\/\/www.federacao-triatlo.pt\/ftp2015\/?p=102101"},"modified":"2025-04-17T18:00:22","modified_gmt":"2025-04-17T17:00:22","slug":"102101-2","status":"publish","type":"post","link":"https:\/\/www.federacao-triatlo.pt\/ftp2015\/102101-2\/","title":{"rendered":"Coimbra volta a receber triatlo internacional em 2026"},"content":{"rendered":"<div class=\"container\">\n<div class=\"mx05 mb1\">\n<div class=\"column bg-white text-section intro is-12\">\n<div class=\"text-container\">\n<p>Est\u00e1 assinado o compromisso: Coimbra vai voltar a receber uma grande prova internacional de triatlo em 2026, depois do cancelamento do Multisport deste ano.<\/p>\n<p>A C\u00e2mara Municipal (CM) de Coimbra, a Multisport Portugal e a Federa\u00e7\u00e3o de Triatlo de Portugal assinaram um protocolo que prev\u00ea a realiza\u00e7\u00e3o anual de um grande evento internacional de triatlo na cidade, a partir do pr\u00f3ximo ano. A assinatura do documento decorreu na Quinta das L\u00e1grimas, na presen\u00e7a do vereador do Desporto da CM de Coimbra, Carlos Matias Lopes, do presidente da Federa\u00e7\u00e3o de Triatlo de Portugal, Fernando Feij\u00e3o, e dos representantes da Multisport Portugal, Ricardo Lacerda, Mauro Azevedo e Rui Silva.<\/p>\n<\/div>\n<\/div>\n<\/div>\n<\/div>\n<div class=\"container\">\n<div class=\"content-columns mx05 columns mb1\">\n<div class=\"column bg-white text-section text-content is-8\">\n<div class=\"text-container\">\n<p>O cancelamento do Multisport 2025 est\u00e1 relacionado com as interven\u00e7\u00f5es em curso no \u00e2mbito do projeto do Sistema de Mobilidade do Mondego, com percursos n\u00e3o preparados, assim como a indisponibilidade de datas no calend\u00e1rio.<\/p>\n<p>Para o vereador do Desporto da C\u00e2mara Municipal de Coimbra, <em>\u201co compromisso do munic\u00edpio em termos mais e melhores provas de triatlo em Coimbra, com um grande evento internacional j\u00e1 em 2026, mant\u00e9m-se\u201d<\/em>, assegurando que esta declara\u00e7\u00e3o de compromisso possibilita que um futuro executivo municipal o execute.<em> \u201cDa nossa parte, se este executivo continuar, temos todo o interesse em que assim seja\u201d<\/em>, salientou Carlos Matias Lopes.<\/p>\n<p>Para a Federa\u00e7\u00e3o de Triatlo de Portugal, a inten\u00e7\u00e3o \u00e9 a de manter a cidade como um dos grandes destinos do triatlo mundial.\u00a0<em>\u00a0\u201cA vertente de Triatlo Multisport agrada-nos muito, porque \u00e9 uma montra para a modalidade. No ano passado, verifiquei o qu\u00e3o satisfeitos ficaram os participantes com o Campeonato Europeu em Coimbra. A Federa\u00e7\u00e3o Europeia disse-me at\u00e9 que Coimbra \u00e9 j\u00e1 um local de refer\u00eancia para o Triatlo Multisport. A nossa aposta \u00e9 que esta cidade possa ter, a partir de 2026, uma prova anual de refer\u00eancia nacional e internacional\u201d<\/em>, destacou Fernando Feij\u00e3o.<\/p>\n<p>J\u00e1 Ricardo Lacerda, da Multisport Portugal, salientou que a edi\u00e7\u00e3o de 2024 do Campeonato Europeu de Triatlo Multisport foi um sucesso, a tal ponto que muitos atletas estrangeiros fizeram reservas em hot\u00e9is para 2025, mesmo sem saberem se iria haver prova. \u201cTemos todo o prazer em continuar a organizar esta prova. O feedback que tivemos no ano passado foi muito positivo. Tivemos atletas estrangeiros que, quando terminou o Europeu, deixaram j\u00e1 reservas nos hot\u00e9is para o ano seguinte\u201d, disse.<\/p>\n<h6>Cr\u00e9ditos fotogr\u00e1ficos: C\u00e2mara Municipal de Coimbra | Jo\u00e3o Pedro Lopes<\/h6>\n<h6>Texto: FTP com CMC<\/h6>\n<\/div>\n<\/div>\n<\/div>\n<\/div>\n","protected":false},"excerpt":{"rendered":"<p>Est\u00e1 assinado o compromisso: Coimbra vai voltar a receber uma [&hellip;]<\/p>\n","protected":false},"author":16153,"featured_media":102102,"comment_status":"closed","ping_status":"closed","sticky":false,"template":"","format":"standard","meta":{"footnotes":""},"categories":[2],"tags":[],"_links":{"self":[{"href":"https:\/\/www.federacao-triatlo.pt\/ftp2015\/wp-json\/wp\/v2\/posts\/102101"}],"collection":[{"href":"https:\/\/www.federacao-triatlo.pt\/ftp2015\/wp-json\/wp\/v2\/posts"}],"about":[{"href":"https:\/\/www.federacao-triatlo.pt\/ftp2015\/wp-json\/wp\/v2\/types\/post"}],"author":[{"embeddable":true,"href":"https:\/\/www.federacao-triatlo.pt\/ftp2015\/wp-json\/wp\/v2\/users\/16153"}],"replies":[{"embeddable":true,"href":"https:\/\/www.federacao-triatlo.pt\/ftp2015\/wp-json\/wp\/v2\/comments?post=102101"}],"version-history":[{"count":4,"href":"https:\/\/www.federacao-triatlo.pt\/ftp2015\/wp-json\/wp\/v2\/posts\/102101\/revisions"}],"predecessor-version":[{"id":102117,"href":"https:\/\/www.federacao-triatlo.pt\/ftp2015\/wp-json\/wp\/v2\/posts\/102101\/revisions\/102117"}],"wp:featuredmedia":[{"embeddable":true,"href":"https:\/\/www.federacao-triatlo.pt\/ftp2015\/wp-json\/wp\/v2\/media\/102102"}],"wp:attachment":[{"href":"https:\/\/www.federacao-triatlo.pt\/ftp2015\/wp-json\/wp\/v2\/media?parent=102101"}],"wp:term":[{"taxonomy":"category","embeddable":true,"href":"https:\/\/www.federacao-triatlo.pt\/ftp2015\/wp-json\/wp\/v2\/categories?post=102101"},{"taxonomy":"post_tag","embeddable":true,"href":"https:\/\/www.federacao-triatlo.pt\/ftp2015\/wp-json\/wp\/v2\/tags?post=102101"}],"curies":[{"name":"wp","href":"https:\/\/api.w.org\/{rel}","templated":true}]}}