{"id":101984,"date":"2025-03-10T17:14:24","date_gmt":"2025-03-10T17:14:24","guid":{"rendered":"https:\/\/www.federacao-triatlo.pt\/ftp2015\/?p=101984"},"modified":"2025-03-10T17:14:24","modified_gmt":"2025-03-10T17:14:24","slug":"arbitra-paula-maia-homenageada-pelo-comite-olimpico-de-portugal","status":"publish","type":"post","link":"https:\/\/www.federacao-triatlo.pt\/ftp2015\/arbitra-paula-maia-homenageada-pelo-comite-olimpico-de-portugal\/","title":{"rendered":"\u00c1rbitra Paula Maia homenageada pelo Comit\u00e9 Ol\u00edmpico de Portugal"},"content":{"rendered":"<p>A \u00e1rbitra Paula Maia, representante portuguesa nas provas de triatlo dos Jogos Ol\u00edmpicos de Paris 2o24, foi homenageada pelo Comit\u00e9 Ol\u00edmpico de Portugal (COP).<\/p>\n<p>A cerim\u00f3nia teve lugar na sede do COP e o objetivo foi o de distinguir, a prop\u00f3sito do Dia Internacional da Mulher, as \u00e1rbitras e ju\u00edzas que &#8220;t\u00e3o bem representaram Portugal nos Jogos Ol\u00edmpicos em v\u00e1rias<br \/>\nmodalidades desportivas&#8221;, pode ler-se no comunicado do Comit\u00e9 Ol\u00edmpico.<\/p>\n<p>&nbsp;<\/p>\n","protected":false},"excerpt":{"rendered":"<p>A \u00e1rbitra Paula Maia, representante portuguesa nas provas de triatlo [&hellip;]<\/p>\n","protected":false},"author":16153,"featured_media":101985,"comment_status":"closed","ping_status":"closed","sticky":false,"template":"","format":"standard","meta":{"footnotes":""},"categories":[2],"tags":[],"_links":{"self":[{"href":"https:\/\/www.federacao-triatlo.pt\/ftp2015\/wp-json\/wp\/v2\/posts\/101984"}],"collection":[{"href":"https:\/\/www.federacao-triatlo.pt\/ftp2015\/wp-json\/wp\/v2\/posts"}],"about":[{"href":"https:\/\/www.federacao-triatlo.pt\/ftp2015\/wp-json\/wp\/v2\/types\/post"}],"author":[{"embeddable":true,"href":"https:\/\/www.federacao-triatlo.pt\/ftp2015\/wp-json\/wp\/v2\/users\/16153"}],"replies":[{"embeddable":true,"href":"https:\/\/www.federacao-triatlo.pt\/ftp2015\/wp-json\/wp\/v2\/comments?post=101984"}],"version-history":[{"count":1,"href":"https:\/\/www.federacao-triatlo.pt\/ftp2015\/wp-json\/wp\/v2\/posts\/101984\/revisions"}],"predecessor-version":[{"id":101986,"href":"https:\/\/www.federacao-triatlo.pt\/ftp2015\/wp-json\/wp\/v2\/posts\/101984\/revisions\/101986"}],"wp:featuredmedia":[{"embeddable":true,"href":"https:\/\/www.federacao-triatlo.pt\/ftp2015\/wp-json\/wp\/v2\/media\/101985"}],"wp:attachment":[{"href":"https:\/\/www.federacao-triatlo.pt\/ftp2015\/wp-json\/wp\/v2\/media?parent=101984"}],"wp:term":[{"taxonomy":"category","embeddable":true,"href":"https:\/\/www.federacao-triatlo.pt\/ftp2015\/wp-json\/wp\/v2\/categories?post=101984"},{"taxonomy":"post_tag","embeddable":true,"href":"https:\/\/www.federacao-triatlo.pt\/ftp2015\/wp-json\/wp\/v2\/tags?post=101984"}],"curies":[{"name":"wp","href":"https:\/\/api.w.org\/{rel}","templated":true}]}}