{"id":101970,"date":"2025-03-10T10:29:32","date_gmt":"2025-03-10T10:29:32","guid":{"rendered":"https:\/\/www.federacao-triatlo.pt\/ftp2015\/?p=101970"},"modified":"2025-03-10T10:29:58","modified_gmt":"2025-03-10T10:29:58","slug":"inclusao-triatlo-de-s-martinho-do-porto-com-distincao-internacional","status":"publish","type":"post","link":"https:\/\/www.federacao-triatlo.pt\/ftp2015\/inclusao-triatlo-de-s-martinho-do-porto-com-distincao-internacional\/","title":{"rendered":"Inclus\u00e3o: Triatlo de S. Martinho do Porto com distin\u00e7\u00e3o internacional"},"content":{"rendered":"<p>O Triatlo de S\u00e3o Martinho do Porto, agendado para os dias 20 e 21 de setembro, \u00e9 o primeiro\u00a0evento desportivo em Portugal a receber a certifica\u00e7\u00e3o \u201cClosing Gender Gap\u201d, um selo que distingue provas verdadeiramente inclusivas para atletas femininas.<\/p>\n<p>A distin\u00e7\u00e3o internacional foi assinalada no passado dia 8 de mar\u00e7o, Dia Internacional da Mulher, numa cerim\u00f3nia que contou com a presen\u00e7a do presidente da Federa\u00e7\u00e3o de Triatlo de Portugal.<\/p>\n<p>Esta acredita\u00e7\u00e3o reconhece as melhores pr\u00e1ticas de inclus\u00e3o, focadas em:<\/p>\n<ul>\n<li>\u00a0Aumentar a participa\u00e7\u00e3o feminina;<\/li>\n<li>\u00a0Melhorar a experi\u00eancia de todas as atletas, de forma justa e igualit\u00e1ria;<\/li>\n<li>Tornar o triatlo um desporto ainda mais acolhedor para todos \u2013 porque inclus\u00e3o beneficia homens e mulheres.<\/li>\n<\/ul>\n<p>As inscri\u00e7\u00f5es para o Triatlo de S\u00e3o Martinho do Porto podem ser efetuadas no site da Federa\u00e7\u00e3o de Triatlo de Portugal.<\/p>\n<h6>Fotografia: Revista Triatl3ta<\/h6>\n","protected":false},"excerpt":{"rendered":"<p>O Triatlo de S\u00e3o Martinho do Porto, agendado para os [&hellip;]<\/p>\n","protected":false},"author":16153,"featured_media":101971,"comment_status":"closed","ping_status":"closed","sticky":false,"template":"","format":"standard","meta":{"footnotes":""},"categories":[9,2],"tags":[],"_links":{"self":[{"href":"https:\/\/www.federacao-triatlo.pt\/ftp2015\/wp-json\/wp\/v2\/posts\/101970"}],"collection":[{"href":"https:\/\/www.federacao-triatlo.pt\/ftp2015\/wp-json\/wp\/v2\/posts"}],"about":[{"href":"https:\/\/www.federacao-triatlo.pt\/ftp2015\/wp-json\/wp\/v2\/types\/post"}],"author":[{"embeddable":true,"href":"https:\/\/www.federacao-triatlo.pt\/ftp2015\/wp-json\/wp\/v2\/users\/16153"}],"replies":[{"embeddable":true,"href":"https:\/\/www.federacao-triatlo.pt\/ftp2015\/wp-json\/wp\/v2\/comments?post=101970"}],"version-history":[{"count":2,"href":"https:\/\/www.federacao-triatlo.pt\/ftp2015\/wp-json\/wp\/v2\/posts\/101970\/revisions"}],"predecessor-version":[{"id":101973,"href":"https:\/\/www.federacao-triatlo.pt\/ftp2015\/wp-json\/wp\/v2\/posts\/101970\/revisions\/101973"}],"wp:featuredmedia":[{"embeddable":true,"href":"https:\/\/www.federacao-triatlo.pt\/ftp2015\/wp-json\/wp\/v2\/media\/101971"}],"wp:attachment":[{"href":"https:\/\/www.federacao-triatlo.pt\/ftp2015\/wp-json\/wp\/v2\/media?parent=101970"}],"wp:term":[{"taxonomy":"category","embeddable":true,"href":"https:\/\/www.federacao-triatlo.pt\/ftp2015\/wp-json\/wp\/v2\/categories?post=101970"},{"taxonomy":"post_tag","embeddable":true,"href":"https:\/\/www.federacao-triatlo.pt\/ftp2015\/wp-json\/wp\/v2\/tags?post=101970"}],"curies":[{"name":"wp","href":"https:\/\/api.w.org\/{rel}","templated":true}]}}