{"id":101962,"date":"2025-03-07T12:47:57","date_gmt":"2025-03-07T12:47:57","guid":{"rendered":"https:\/\/www.federacao-triatlo.pt\/ftp2015\/?p=101962"},"modified":"2025-03-07T12:48:37","modified_gmt":"2025-03-07T12:48:37","slug":"taca-da-europa-selecao-com-38-convocados-para-quarteira","status":"publish","type":"post","link":"https:\/\/www.federacao-triatlo.pt\/ftp2015\/taca-da-europa-selecao-com-38-convocados-para-quarteira\/","title":{"rendered":"Ta\u00e7a da Europa: sele\u00e7\u00e3o com 38 convocados para Quarteira"},"content":{"rendered":"<p>S\u00e3o 38 os convocados da sele\u00e7\u00e3o nacional para a Ta\u00e7a da Europa e Ta\u00e7a de Europa J\u00fanior que se disputam em Quarteira, no Concelho de Loul\u00e9, nos dias 29 e 30 de mar\u00e7o de 2025.<\/p>\n<p>Portugal estar\u00e1 representado por 11 homens (tr\u00eas sujeitos a vaga na startlist) e oito mulheres na prova de elites, s\u00e1bado (29). Na manh\u00e3 seguinte, na competi\u00e7\u00e3o de juniores, a sele\u00e7\u00e3o far\u00e1 alinhar 12 triatletas no sector masculino e oito no feminino.<\/p>\n<p>Consultar convocat\u00f3ria <a href=\"https:\/\/www.federacao-triatlo.pt\/ftp2015\/wp-content\/uploads\/2025\/03\/convocatoria-taca-europa-quarteira-2025.pdf\">aqui.<\/a><\/p>\n<p>&nbsp;<\/p>\n","protected":false},"excerpt":{"rendered":"<p>S\u00e3o 38 os convocados da sele\u00e7\u00e3o nacional para a Ta\u00e7a [&hellip;]<\/p>\n","protected":false},"author":16153,"featured_media":99675,"comment_status":"closed","ping_status":"closed","sticky":false,"template":"","format":"standard","meta":{"footnotes":""},"categories":[9,2],"tags":[],"_links":{"self":[{"href":"https:\/\/www.federacao-triatlo.pt\/ftp2015\/wp-json\/wp\/v2\/posts\/101962"}],"collection":[{"href":"https:\/\/www.federacao-triatlo.pt\/ftp2015\/wp-json\/wp\/v2\/posts"}],"about":[{"href":"https:\/\/www.federacao-triatlo.pt\/ftp2015\/wp-json\/wp\/v2\/types\/post"}],"author":[{"embeddable":true,"href":"https:\/\/www.federacao-triatlo.pt\/ftp2015\/wp-json\/wp\/v2\/users\/16153"}],"replies":[{"embeddable":true,"href":"https:\/\/www.federacao-triatlo.pt\/ftp2015\/wp-json\/wp\/v2\/comments?post=101962"}],"version-history":[{"count":1,"href":"https:\/\/www.federacao-triatlo.pt\/ftp2015\/wp-json\/wp\/v2\/posts\/101962\/revisions"}],"predecessor-version":[{"id":101963,"href":"https:\/\/www.federacao-triatlo.pt\/ftp2015\/wp-json\/wp\/v2\/posts\/101962\/revisions\/101963"}],"wp:featuredmedia":[{"embeddable":true,"href":"https:\/\/www.federacao-triatlo.pt\/ftp2015\/wp-json\/wp\/v2\/media\/99675"}],"wp:attachment":[{"href":"https:\/\/www.federacao-triatlo.pt\/ftp2015\/wp-json\/wp\/v2\/media?parent=101962"}],"wp:term":[{"taxonomy":"category","embeddable":true,"href":"https:\/\/www.federacao-triatlo.pt\/ftp2015\/wp-json\/wp\/v2\/categories?post=101962"},{"taxonomy":"post_tag","embeddable":true,"href":"https:\/\/www.federacao-triatlo.pt\/ftp2015\/wp-json\/wp\/v2\/tags?post=101962"}],"curies":[{"name":"wp","href":"https:\/\/api.w.org\/{rel}","templated":true}]}}