{"id":101815,"date":"2025-02-17T11:46:19","date_gmt":"2025-02-17T11:46:19","guid":{"rendered":"https:\/\/www.federacao-triatlo.pt\/ftp2015\/?p=101815"},"modified":"2025-02-17T11:47:12","modified_gmt":"2025-02-17T11:47:12","slug":"mundial-vilaca-de-bronze-com-tres-portugueses-no-top-15-em-abu-dhabi","status":"publish","type":"post","link":"https:\/\/www.federacao-triatlo.pt\/ftp2015\/mundial-vilaca-de-bronze-com-tres-portugueses-no-top-15-em-abu-dhabi\/","title":{"rendered":"Mundial: Vila\u00e7a de Bronze com tr\u00eas portugueses no Top-15 em Abu Dhabi"},"content":{"rendered":"<p>Vasco Vila\u00e7a foi terceiro classificado na primeira etapa do Campeonato do Mundo de Triatlo, realizada em Abu Dhabi, nos Emirados \u00c1rabes Unidos. A prova marcou um excelente in\u00edcio de \u00e9poca para os triatletas portugueses: Ricardo Batista foi\u00a0 sexto e Miguel Tiago Silva terminou em 13\u00ba-<\/p>\n<p>Na estreia do World Triathlon Championship Series, Vila\u00e7a, que foi quinto nos Jogos Ol\u00edmpicos de Paris 2024, completou os 750 metros de nata\u00e7\u00e3o, 19,1 quil\u00f3metros de ciclismo e cinco quil\u00f3metros de corrida em 48:39 segundos, ficando 18 segundos atr\u00e1s do vencedor, o neozeland\u00eas Hayden Wilde.<\/p>\n<p>Ricardo Batista, que tamb\u00e9m brilhou nos \u00faltimos Jogos Ol\u00edmpicos com um sexto lugar, repetiu essa posi\u00e7\u00e3o em Abu Dhabi, completando a prova em 00:48:56s, enquanto Miguel Tiago Silva terminou ainda dentro do Top-15, sendo 13\u00ba classificado.<\/p>\n<p>No que diz respeito \u00e0 estafeta mista, o quarteto portugu\u00eas n\u00e3o concluiu a prova devido a uma queda de de bicicleta de Vasco Vila\u00e7a. O triatleta portugu\u00eas ainda tentou voltar \u00e0 corrida, mas o um problema mec\u00e2nico impediu a sua continua\u00e7\u00e3o.<\/p>\n<p>A pr\u00f3xima etapa do World Triathlon Championship Series est\u00e1 marcada para 17 de maio, em Yokohama, no Jap\u00e3o.<\/p>\n","protected":false},"excerpt":{"rendered":"<p>Vasco Vila\u00e7a foi terceiro classificado na primeira etapa do Campeonato [&hellip;]<\/p>\n","protected":false},"author":16153,"featured_media":101818,"comment_status":"closed","ping_status":"closed","sticky":false,"template":"","format":"standard","meta":{"footnotes":""},"categories":[9,2],"tags":[],"_links":{"self":[{"href":"https:\/\/www.federacao-triatlo.pt\/ftp2015\/wp-json\/wp\/v2\/posts\/101815"}],"collection":[{"href":"https:\/\/www.federacao-triatlo.pt\/ftp2015\/wp-json\/wp\/v2\/posts"}],"about":[{"href":"https:\/\/www.federacao-triatlo.pt\/ftp2015\/wp-json\/wp\/v2\/types\/post"}],"author":[{"embeddable":true,"href":"https:\/\/www.federacao-triatlo.pt\/ftp2015\/wp-json\/wp\/v2\/users\/16153"}],"replies":[{"embeddable":true,"href":"https:\/\/www.federacao-triatlo.pt\/ftp2015\/wp-json\/wp\/v2\/comments?post=101815"}],"version-history":[{"count":1,"href":"https:\/\/www.federacao-triatlo.pt\/ftp2015\/wp-json\/wp\/v2\/posts\/101815\/revisions"}],"predecessor-version":[{"id":101817,"href":"https:\/\/www.federacao-triatlo.pt\/ftp2015\/wp-json\/wp\/v2\/posts\/101815\/revisions\/101817"}],"wp:featuredmedia":[{"embeddable":true,"href":"https:\/\/www.federacao-triatlo.pt\/ftp2015\/wp-json\/wp\/v2\/media\/101818"}],"wp:attachment":[{"href":"https:\/\/www.federacao-triatlo.pt\/ftp2015\/wp-json\/wp\/v2\/media?parent=101815"}],"wp:term":[{"taxonomy":"category","embeddable":true,"href":"https:\/\/www.federacao-triatlo.pt\/ftp2015\/wp-json\/wp\/v2\/categories?post=101815"},{"taxonomy":"post_tag","embeddable":true,"href":"https:\/\/www.federacao-triatlo.pt\/ftp2015\/wp-json\/wp\/v2\/tags?post=101815"}],"curies":[{"name":"wp","href":"https:\/\/api.w.org\/{rel}","templated":true}]}}